{"id":957,"date":"2010-10-31T21:10:04","date_gmt":"2010-10-31T20:10:04","guid":{"rendered":"http:\/\/www.birgit-edler.de\/wp\/?p=957"},"modified":"2010-10-31T21:30:26","modified_gmt":"2010-10-31T20:30:26","slug":"reiten-fahren-2","status":"publish","type":"post","link":"https:\/\/www.birgit-edler.de\/wp\/2010\/10\/reiten-fahren-2\/","title":{"rendered":"Reiten fahren"},"content":{"rendered":"<p>Heute fr\u00fch dachte ich ja, das Reiten auf dem Platz f\u00e4llt sowas von aus. Es war ja nur schrecklich mit dem Regen. Ich lie\u00df die Pferde auf die Wiese. Beide waren lieb und tobten nicht herum &#8211; die Hufeisen hielten das auch aus. Gegen Mittag klarte es glpcklicherweise auf und der Regen war fort.<br \/>\nSo um 14 Uhr habe ich mich schnell umgezogen, alles in den H\u00e4nger gepackt und mein Vater hat die Pferde geholt. Verladen lassen wollten sie sich von meinem Vater nicht, mit mir sind sie ohne zu z\u00f6gern in den H\u00e4nger. Fahren war wieder keine Schwierigkeit, abladen und auf den Reitplatz bringen auch prima. [singlepic id=299 w=320 h=240 float=center]<br \/>\nIch Svandis an die Longe, sie ging auch sehr nett. Rechte Hand lief sie heute leichter als linke Hand, normalerweise ist es anders rum. Svandis war ca 10 Minuten an der Longe, dann hatte sie wieder frei. Ich sattelte mir Bj\u00f6rt und bin mit ihr geritten. Bj\u00f6rt will auf dem weichen Schnitzelplatz immer Traben, und das kann ich nicht wirklich sitzen. Meine H\u00e4nde sind im Trab eindeutig zu unruhig und ich falle zu sehr nach vorn &#8211; hmm, muss ich irgendwie abstellen.<br \/>\n[singlepic id=301 w=320 h=240 float=left]Mit Bj\u00f6rt bin ich heute nur knapp 30 Minuten geritten. Dann durfte sie wieder auf dem Platz laufen und Svandis hab ich gesattelt und bin aufgestiegen. Pony ist eindeudig zu gro\u00df, ich muss mir n\u00e4chstes Mal eine Aufsteighilfe mitnehmen. Hochhangeln ist mist. Svandis blieb sehr cool als ich oben sa\u00df und ging erst los als ich es ihr sagte. Dann ist sie einige Runden nett mit mir im Schritt um den Reitplatz gegangen. Sie wollte auch mal antraben, das habe ich ihr aber verboten. Soll sie noch nicht. Daf\u00fcr haben wir bisher zu wenig gemacht.<br \/>\nNach knapp 10 Minuten war auch Schluss mit reiten, Ponys durften frei laufen, w\u00e4lzen Spa\u00df haben, ich packte wieder alles ein und dann Pferde einfangen, Eindecken und heim fahren. Alles prima geklappt.<br \/>\nWeil Bj\u00f6rt wieder in den H\u00e4nger gemacht hatte, musste ich den auch wieder sauber schrubben. Svandis l\u00e4sst den H\u00e4nger sauber.<br \/>\nWar ein toller Nachmittag!!!<\/p>\n","protected":false},"excerpt":{"rendered":"<p>Heute fr\u00fch dachte ich ja, das Reiten auf dem Platz f\u00e4llt sowas von aus. Es war ja nur schrecklich mit dem Regen. Ich lie\u00df die Pferde auf die Wiese. Beide waren lieb und tobten nicht herum &#8211; die Hufeisen hielten das auch aus. Gegen Mittag klarte es glpcklicherweise auf und der Regen war fort. So [&hellip;]<\/p>\n","protected":false},"author":1,"featured_media":0,"comment_status":"open","ping_status":"open","sticky":false,"template":"","format":"standard","meta":{"footnotes":""},"categories":[5,3],"tags":[],"class_list":["post-957","post","type-post","status-publish","format-standard","hentry","category-hufrehe","category-reiten"],"_links":{"self":[{"href":"https:\/\/www.birgit-edler.de\/wp\/wp-json\/wp\/v2\/posts\/957","targetHints":{"allow":["GET"]}}],"collection":[{"href":"https:\/\/www.birgit-edler.de\/wp\/wp-json\/wp\/v2\/posts"}],"about":[{"href":"https:\/\/www.birgit-edler.de\/wp\/wp-json\/wp\/v2\/types\/post"}],"author":[{"embeddable":true,"href":"https:\/\/www.birgit-edler.de\/wp\/wp-json\/wp\/v2\/users\/1"}],"replies":[{"embeddable":true,"href":"https:\/\/www.birgit-edler.de\/wp\/wp-json\/wp\/v2\/comments?post=957"}],"version-history":[{"count":3,"href":"https:\/\/www.birgit-edler.de\/wp\/wp-json\/wp\/v2\/posts\/957\/revisions"}],"predecessor-version":[{"id":959,"href":"https:\/\/www.birgit-edler.de\/wp\/wp-json\/wp\/v2\/posts\/957\/revisions\/959"}],"wp:attachment":[{"href":"https:\/\/www.birgit-edler.de\/wp\/wp-json\/wp\/v2\/media?parent=957"}],"wp:term":[{"taxonomy":"category","embeddable":true,"href":"https:\/\/www.birgit-edler.de\/wp\/wp-json\/wp\/v2\/categories?post=957"},{"taxonomy":"post_tag","embeddable":true,"href":"https:\/\/www.birgit-edler.de\/wp\/wp-json\/wp\/v2\/tags?post=957"}],"curies":[{"name":"wp","href":"https:\/\/api.w.org\/{rel}","templated":true}]}}