{"id":923,"date":"2010-10-11T20:23:47","date_gmt":"2010-10-11T18:23:47","guid":{"rendered":"http:\/\/www.birgit-edler.de\/wp\/?p=923"},"modified":"2010-10-11T20:23:47","modified_gmt":"2010-10-11T18:23:47","slug":"kaputt","status":"publish","type":"post","link":"https:\/\/www.birgit-edler.de\/wp\/2010\/10\/kaputt\/","title":{"rendered":"kaputt"},"content":{"rendered":"<p>[singlepic id=298 w=320 h=240 float=center]<br \/>\nNach etwa 8 Jahren hat meine Brille ihren Geist aufgegeben. Beim Gl\u00e4ser putzen ist es passiert, in der Mitte durchgebrochen.<br \/>\nKontaktlinse zum Fernsehgucken ist nicht so prall. Abends f\u00e4ngt die Kontaktlinse doch an zu &#8222;dr\u00fccken&#8220;. Also habe ich meine Ersatzbrille (13 Jahre) aus der Ecke geholt. Okay, da merke ich schon, das die Sehsch\u00e4rfe nicht so ganz stimmt. Doch extrem schlecht ist es auch nicht. Ich kann noch lesen und tippen und TV gucken.<br \/>\nMuss ich wohl auch noch eine neue Brille kaufen dieses Jahr. \ud83d\ude41 Ich k\u00f6nnte mir besseres vorstellen.<\/p>\n","protected":false},"excerpt":{"rendered":"<p>[singlepic id=298 w=320 h=240 float=center] Nach etwa 8 Jahren hat meine Brille ihren Geist aufgegeben. Beim Gl\u00e4ser putzen ist es passiert, in der Mitte durchgebrochen. Kontaktlinse zum Fernsehgucken ist nicht so prall. Abends f\u00e4ngt die Kontaktlinse doch an zu &#8222;dr\u00fccken&#8220;. Also habe ich meine Ersatzbrille (13 Jahre) aus der Ecke geholt. Okay, da merke ich [&hellip;]<\/p>\n","protected":false},"author":1,"featured_media":0,"comment_status":"open","ping_status":"open","sticky":false,"template":"","format":"standard","meta":{"footnotes":""},"categories":[6],"tags":[],"class_list":["post-923","post","type-post","status-publish","format-standard","hentry","category-sonstiges"],"_links":{"self":[{"href":"https:\/\/www.birgit-edler.de\/wp\/wp-json\/wp\/v2\/posts\/923","targetHints":{"allow":["GET"]}}],"collection":[{"href":"https:\/\/www.birgit-edler.de\/wp\/wp-json\/wp\/v2\/posts"}],"about":[{"href":"https:\/\/www.birgit-edler.de\/wp\/wp-json\/wp\/v2\/types\/post"}],"author":[{"embeddable":true,"href":"https:\/\/www.birgit-edler.de\/wp\/wp-json\/wp\/v2\/users\/1"}],"replies":[{"embeddable":true,"href":"https:\/\/www.birgit-edler.de\/wp\/wp-json\/wp\/v2\/comments?post=923"}],"version-history":[{"count":2,"href":"https:\/\/www.birgit-edler.de\/wp\/wp-json\/wp\/v2\/posts\/923\/revisions"}],"predecessor-version":[{"id":925,"href":"https:\/\/www.birgit-edler.de\/wp\/wp-json\/wp\/v2\/posts\/923\/revisions\/925"}],"wp:attachment":[{"href":"https:\/\/www.birgit-edler.de\/wp\/wp-json\/wp\/v2\/media?parent=923"}],"wp:term":[{"taxonomy":"category","embeddable":true,"href":"https:\/\/www.birgit-edler.de\/wp\/wp-json\/wp\/v2\/categories?post=923"},{"taxonomy":"post_tag","embeddable":true,"href":"https:\/\/www.birgit-edler.de\/wp\/wp-json\/wp\/v2\/tags?post=923"}],"curies":[{"name":"wp","href":"https:\/\/api.w.org\/{rel}","templated":true}]}}