{"id":405,"date":"2009-04-04T14:24:00","date_gmt":"2009-04-04T13:24:00","guid":{"rendered":"http:\/\/www.birgit-edler.de\/wp\/2009\/04\/sonniges-wochenende\/"},"modified":"2009-04-04T14:24:00","modified_gmt":"2009-04-04T13:24:00","slug":"sonniges-wochenende","status":"publish","type":"post","link":"https:\/\/www.birgit-edler.de\/wp\/2009\/04\/sonniges-wochenende\/","title":{"rendered":"sonniges Wochenende"},"content":{"rendered":"<p>Freitagnachmittag ging irgendwie mit Einkaufen und Co. drauf. Mein Vater hatte unsere ganzen Rasenfl\u00e4chen vertikuliert und 3\/4 bereits ausgeharkt. Den Rest \u00fcbernahm ich dann. So bin ich Freitag nur ganz kurz mit Svandis auf dem Feldweg hin und her gelaufen, wo sie deutlich besser zutritt als im Stall\/Paddock. <\/p>\n<p>Samstagfr\u00fch hat mein Vater f\u00fcr den Paddock Sand geholt. W\u00e4hrend mein Vater unterwegs war, habe ich den Misthaufen begradigt und den Paddock saubergeharkt. Also alles loses verwehtes Heu bzw. die Haare fortgefegt. <a href=\"http:\/\/picasaweb.google.de\/lh\/photo\/T0Tbe3JEO0XHcwD8g3sPiA?feat=embedwebsite\"><img decoding=\"async\" src=\"http:\/\/lh5.ggpht.com\/_ZbL5m2tPSzI\/Sdc8SfCAHfI\/AAAAAAAAC28\/1VrJ4MK_g30\/s400\/04.04.09%20Sand%20%287%29.JPG\" align=\"right\" \/><\/a><br \/>Und nat\u00fcrlich anschlie\u00dfend den Sand auf den Paddock gefahren und verteilt &#8211; da war es dann schon nachmittag als ich damit fertig war. <\/p>\n<p>Da Fr\u00fchjahrsputz angesagt war, und die wei\u00dfen Hofsteine mit dem Hochdruckreiniger ges\u00e4ubert wurden, was nat\u00fcrlich &#8222;etwas&#8220; spritz &#8211; konnte ich sp\u00e4ter dort wo alles bereits fertig war alle Kellerfenster putzen und den Eingang wischen usw. Soll doch Ostern alles sauber sein&#8230;. <br \/>Die Autoreifen haben wir auch noch gewechselt. Nun haben Volvo und Punto wieder Sommerpuschen. <br \/>Irgendwann kurz nach 18 Uhr waren wir damit fertig. Feierabend&#8230; <br \/>D.h. ich musste nat\u00fcrlich noch erst die Pferde versorgen und grob \u00fcberschrubbeln &#8211;  obwohl sie sich den Gro\u00dfteil der Haare im sch\u00f6nen Sand abgew\u00e4lzt haben. Bj\u00f6rt und Svandis finden ihren kleinen Sandkasten wieder prima. <br \/><a href=\"http:\/\/picasaweb.google.de\/lh\/photo\/uhjP1FyU2IZZ4EtDnxaQ7w?feat=embedwebsite\"><img decoding=\"async\" src=\"http:\/\/lh6.ggpht.com\/_ZbL5m2tPSzI\/Sdc8_rJUDLI\/AAAAAAAAC3k\/gZeh1ghCd30\/s288\/04.04.09%20Sand%20%2812%29.JPG\" \/><\/a><\/p>\n","protected":false},"excerpt":{"rendered":"<p>Freitagnachmittag ging irgendwie mit Einkaufen und Co. drauf. Mein Vater hatte unsere ganzen Rasenfl\u00e4chen vertikuliert und 3\/4 bereits ausgeharkt. Den Rest \u00fcbernahm ich dann. So bin ich Freitag nur ganz kurz mit Svandis auf dem Feldweg hin und her gelaufen, wo sie deutlich besser zutritt als im Stall\/Paddock. Samstagfr\u00fch hat mein Vater f\u00fcr den Paddock [&hellip;]<\/p>\n","protected":false},"author":1,"featured_media":0,"comment_status":"open","ping_status":"open","sticky":false,"template":"","format":"standard","meta":{"footnotes":""},"categories":[1],"tags":[],"class_list":["post-405","post","type-post","status-publish","format-standard","hentry","category-allgemein"],"_links":{"self":[{"href":"https:\/\/www.birgit-edler.de\/wp\/wp-json\/wp\/v2\/posts\/405","targetHints":{"allow":["GET"]}}],"collection":[{"href":"https:\/\/www.birgit-edler.de\/wp\/wp-json\/wp\/v2\/posts"}],"about":[{"href":"https:\/\/www.birgit-edler.de\/wp\/wp-json\/wp\/v2\/types\/post"}],"author":[{"embeddable":true,"href":"https:\/\/www.birgit-edler.de\/wp\/wp-json\/wp\/v2\/users\/1"}],"replies":[{"embeddable":true,"href":"https:\/\/www.birgit-edler.de\/wp\/wp-json\/wp\/v2\/comments?post=405"}],"version-history":[{"count":0,"href":"https:\/\/www.birgit-edler.de\/wp\/wp-json\/wp\/v2\/posts\/405\/revisions"}],"wp:attachment":[{"href":"https:\/\/www.birgit-edler.de\/wp\/wp-json\/wp\/v2\/media?parent=405"}],"wp:term":[{"taxonomy":"category","embeddable":true,"href":"https:\/\/www.birgit-edler.de\/wp\/wp-json\/wp\/v2\/categories?post=405"},{"taxonomy":"post_tag","embeddable":true,"href":"https:\/\/www.birgit-edler.de\/wp\/wp-json\/wp\/v2\/tags?post=405"}],"curies":[{"name":"wp","href":"https:\/\/api.w.org\/{rel}","templated":true}]}}