{"id":382,"date":"2009-02-15T18:53:00","date_gmt":"2009-02-15T17:53:00","guid":{"rendered":"http:\/\/www.birgit-edler.de\/wp\/2009\/02\/trubes-wetter\/"},"modified":"2009-02-15T18:53:00","modified_gmt":"2009-02-15T17:53:00","slug":"trubes-wetter","status":"publish","type":"post","link":"https:\/\/www.birgit-edler.de\/wp\/2009\/02\/trubes-wetter\/","title":{"rendered":"tr\u00fcbes Wetter"},"content":{"rendered":"<p>Dr\u00fcckt auf die Stimmung. Alles nicht so klasse zur Zeit.<\/p>\n<p>Samstag hat Kirsten mit Bj\u00f6rt einen sch\u00f6nen Spaziergang gemacht. Ich bin mit Svandis auf weichem Feldweg etwas hin und her gegangen &#8211; aber seit ein paar Tagen tritt sie wieder furchtbar schlecht. Zwar wollte sie wieder steigen und bocken auf dem Feldweg &#8211; aber sie durfte nicht. <br \/>Samstag, sp\u00e4t am Nachmittag, kam Anke nochmal zur APM. Sie hat wieder einen Spannungsausgleich gemacht und Leber und Magen aktiviert. So eine &#8222;SAM&#8220; braucht nat\u00fcrlich auch 2-3 Tage, bis es sich alles wieder eingependelt hat. <\/p>\n<p>Heute ging Svandis entsprechend genau so schlecht wie gestern. In den Vorderbeinen ist auch wieder Puls. Aber sie versucht zumindest sich etwas im Paddock und der H\u00fctte zu bewegen. Sie liegt nicht viel und hat guten Hunger, &#8222;nur&#8220; laufen kann sie nicht gut.<br \/>Mit Bj\u00f6rt bin ich am fr\u00fchen Nachmittag im nassen Schneegest\u00f6ber 10 Minuten ohne Sattel geritten. Die Kleine ist fit und sehr gut drauf. Bj\u00f6rt gef\u00e4llt das Wetter mit K\u00e4lte und Schnee.<\/p>\n","protected":false},"excerpt":{"rendered":"<p>Dr\u00fcckt auf die Stimmung. Alles nicht so klasse zur Zeit. Samstag hat Kirsten mit Bj\u00f6rt einen sch\u00f6nen Spaziergang gemacht. Ich bin mit Svandis auf weichem Feldweg etwas hin und her gegangen &#8211; aber seit ein paar Tagen tritt sie wieder furchtbar schlecht. Zwar wollte sie wieder steigen und bocken auf dem Feldweg &#8211; aber sie [&hellip;]<\/p>\n","protected":false},"author":1,"featured_media":0,"comment_status":"open","ping_status":"open","sticky":false,"template":"","format":"standard","meta":{"footnotes":""},"categories":[5,3],"tags":[],"class_list":["post-382","post","type-post","status-publish","format-standard","hentry","category-hufrehe","category-reiten"],"_links":{"self":[{"href":"https:\/\/www.birgit-edler.de\/wp\/wp-json\/wp\/v2\/posts\/382","targetHints":{"allow":["GET"]}}],"collection":[{"href":"https:\/\/www.birgit-edler.de\/wp\/wp-json\/wp\/v2\/posts"}],"about":[{"href":"https:\/\/www.birgit-edler.de\/wp\/wp-json\/wp\/v2\/types\/post"}],"author":[{"embeddable":true,"href":"https:\/\/www.birgit-edler.de\/wp\/wp-json\/wp\/v2\/users\/1"}],"replies":[{"embeddable":true,"href":"https:\/\/www.birgit-edler.de\/wp\/wp-json\/wp\/v2\/comments?post=382"}],"version-history":[{"count":0,"href":"https:\/\/www.birgit-edler.de\/wp\/wp-json\/wp\/v2\/posts\/382\/revisions"}],"wp:attachment":[{"href":"https:\/\/www.birgit-edler.de\/wp\/wp-json\/wp\/v2\/media?parent=382"}],"wp:term":[{"taxonomy":"category","embeddable":true,"href":"https:\/\/www.birgit-edler.de\/wp\/wp-json\/wp\/v2\/categories?post=382"},{"taxonomy":"post_tag","embeddable":true,"href":"https:\/\/www.birgit-edler.de\/wp\/wp-json\/wp\/v2\/tags?post=382"}],"curies":[{"name":"wp","href":"https:\/\/api.w.org\/{rel}","templated":true}]}}