{"id":233,"date":"2008-05-18T22:31:00","date_gmt":"2008-05-18T21:31:00","guid":{"rendered":"http:\/\/www.birgit-edler.de\/wp\/2008\/05\/rennponys\/"},"modified":"2008-05-18T22:31:00","modified_gmt":"2008-05-18T21:31:00","slug":"rennponys","status":"publish","type":"post","link":"https:\/\/www.birgit-edler.de\/wp\/2008\/05\/rennponys\/","title":{"rendered":"Rennponys"},"content":{"rendered":"<p>Gegen 13 Uhr \u00fcberredete ich Kirsten zum reiten zu kommen. Sie konnte ihren Sohn \u00fcberzeugen solange bei Oma zu bleiben. Luca ist momentan ziemlich n\u00f6selig, weil sein Papa zur Reha weg ist. <br \/>Als Kirsten kurz vor 14 Uhr erschien, hatte ich Ponys geputz, also nur noch satteln und Hufschuh an. Schon beim Aufsteigen erste Probleme. Beide Ponys wie vom wilden Affen gestochen. Bj\u00f6rt wollte gleich durchstarten und Svandis suchte mal wieder die H\u00f6he. Hat die gebockt! Fand ich nicht witzig. Gleich an den Silagerollen des Nachbarn verlor Bj\u00f6rt wieder vorn den einen Hufschuh. Naja &#8211; wieder zum Hof zur\u00fcck &#8211; und Bj\u00f6rt wurde doch ohne Hufschuh geritten. Svandis nutzte das zur\u00fcckgehen wieder zum bocken. Grrrrr<\/p>\n<p>Als Kirsten wieder aufgestiegen war und Bj\u00f6rt schon mal vorging, mussten Svandis und ich uns noch etwas sortieren. Die kann so ekelig sein. An der Feldwegkreuzung erschrak Bj\u00f6rt vor irgendetwas ganz furchtbar, sprang zur Seite und lief ein paar Schritte fort. Svandis quittierte das mit Steigen und nicht weiter gehen wollen. Naja, wir einigten uns aber relativ schnell. Dann kamen wieder Probleme als wir ins W\u00e4ldchen Richtung Borstenbach gehen wollten. Denn Svandis mag den Weg nicht aus dieser Richtung &#8211; da geht man nur anders herum lang&#8230; Kirsten musste mit Bj\u00f6rt umkehren und uns in den dunklen Wald locken. Dann ging Svandis aber recht nett mit. Auch an den gef\u00e4hrlichen Schafweiden machte sie nicht noch mehr Zicken. Ihr Zappeln reichte mir aber auch so. Am Borstenbach entlang stellten Svandis und Bj\u00f6rt neue Schrittrekorde auf, dann mussten sie uns den Habichtsweg an den Terrassenh\u00e4usern hochtragen. Svandis wollte das unbedingt im Trab &#8211; Bj\u00f6rt w\u00e4re liebend gern galoppiert, aber &#8230; Sie durften nicht. Der Weg ist steil. Der ist gemein! Aber heute eigentlich richtig. Immerhin waren sie oben angekommen etwa 1 Minute au\u00dfer Atem. Aber dann wurde wieder gerannt was man so im Schritt hergeben kann. Und das ist bei Bj\u00f6rt eine Menge!<br \/>Normal sind etwa 40 Minuten f\u00fcr die Runde. Heute waren es nicht ganz 30 Minuten. <br \/>Man man man&#8230; Rumstehen bekommt den Damen nicht. <br \/>Den Nachmittag verbrachte ich dann schlafend auf dem Sofa. <br \/>Von ca. 18.30 bis 19.15 Uhr durften Bj\u00f6rt und Svandis nochmal auf die Wiese. Das hat aber nur Bj\u00f6rt genutzt. Svandis ist nach 15 Minuten in den Stall geflohen. Sie hat extrem Probleme mit M\u00fccken, Fliegen und anderen Insekten. Sie mag das Viehzeug nicht und steht dann lieber im Stall.<\/p>\n","protected":false},"excerpt":{"rendered":"<p>Gegen 13 Uhr \u00fcberredete ich Kirsten zum reiten zu kommen. Sie konnte ihren Sohn \u00fcberzeugen solange bei Oma zu bleiben. Luca ist momentan ziemlich n\u00f6selig, weil sein Papa zur Reha weg ist. Als Kirsten kurz vor 14 Uhr erschien, hatte ich Ponys geputz, also nur noch satteln und Hufschuh an. Schon beim Aufsteigen erste Probleme. [&hellip;]<\/p>\n","protected":false},"author":1,"featured_media":0,"comment_status":"open","ping_status":"open","sticky":false,"template":"","format":"standard","meta":{"footnotes":""},"categories":[3],"tags":[],"class_list":["post-233","post","type-post","status-publish","format-standard","hentry","category-reiten"],"_links":{"self":[{"href":"https:\/\/www.birgit-edler.de\/wp\/wp-json\/wp\/v2\/posts\/233","targetHints":{"allow":["GET"]}}],"collection":[{"href":"https:\/\/www.birgit-edler.de\/wp\/wp-json\/wp\/v2\/posts"}],"about":[{"href":"https:\/\/www.birgit-edler.de\/wp\/wp-json\/wp\/v2\/types\/post"}],"author":[{"embeddable":true,"href":"https:\/\/www.birgit-edler.de\/wp\/wp-json\/wp\/v2\/users\/1"}],"replies":[{"embeddable":true,"href":"https:\/\/www.birgit-edler.de\/wp\/wp-json\/wp\/v2\/comments?post=233"}],"version-history":[{"count":0,"href":"https:\/\/www.birgit-edler.de\/wp\/wp-json\/wp\/v2\/posts\/233\/revisions"}],"wp:attachment":[{"href":"https:\/\/www.birgit-edler.de\/wp\/wp-json\/wp\/v2\/media?parent=233"}],"wp:term":[{"taxonomy":"category","embeddable":true,"href":"https:\/\/www.birgit-edler.de\/wp\/wp-json\/wp\/v2\/categories?post=233"},{"taxonomy":"post_tag","embeddable":true,"href":"https:\/\/www.birgit-edler.de\/wp\/wp-json\/wp\/v2\/tags?post=233"}],"curies":[{"name":"wp","href":"https:\/\/api.w.org\/{rel}","templated":true}]}}