{"id":228,"date":"2008-05-11T10:22:00","date_gmt":"2008-05-11T09:22:00","guid":{"rendered":"http:\/\/www.birgit-edler.de\/wp\/2008\/05\/urlaub-ist-fein\/"},"modified":"2008-05-11T10:22:00","modified_gmt":"2008-05-11T09:22:00","slug":"urlaub-ist-fein","status":"publish","type":"post","link":"https:\/\/www.birgit-edler.de\/wp\/2008\/05\/urlaub-ist-fein\/","title":{"rendered":"Urlaub ist fein"},"content":{"rendered":"<p>Mittwochabend haben Kirsten und ich einmal die Hausrunde im Schritt geritten. Kirsten hat Bj\u00f6rt zum 2ten Mal mit Sidepull geritten, und diesmal klappte es hervorragend. Bj\u00f6rt und Svandis hatten beide an den Vorderf\u00fc\u00dfen die Hufschuhe an. Gingen auch prima. Da es so warm war\/ist haben beide auch nicht die Lust zum rennen. War eine sehr entspannte halbe Stunde. <br \/>Nach dem Reiten fix die Pferde versorgt und dann musste ich ja zum Englisch&#8230;<\/p>\n<p>Donnerstag fr\u00fch hat mein Vater den Minibagger geholt und angefangen zu buddeln. Bei den starken Regenf\u00e4llen im April haben wir gemerkt, das wohl ein oder zwei Abwasserrohre nicht mher g\u00e4ngig sind. Unser Schuppen ist teilweise vollgelaufen &#8211; trotz Abfl\u00fcsse davor. Also hat mein Vater aufgebuddelt und Rohre neu verlegt und nun m\u00fcssen wir noch zubuddeln. Wenn M\u00e4nner so ein feines Spielzeug wie einen Minibagger haben, ist &#8222;frau&#8220; aufgeschmissen. Ich wollte auch sooo gern mal buddeln, durfte aber nicht. Nur als der Graben fertig war, da durfte ich von der Wiese zum H\u00e4nger fahren. Ansonsten war Donnerstag Unkraut vernichten im Blumengarten angesagt, und sowas alles wo ich nicht wirklich Lust zu habe.  <br \/>Zwischenzeitlich war ich Donnerstagvormittag auch wegen meinem geschwollenen, unbeweglichem und blauen Ringfinger beim Arzt &#8211; doch der sagt, noch 2 Wochen abwarten und dann weitersehen. Noch sei alles zu akut &#8211; so ein Mist.<br \/>Freitagfr\u00fch musste ich dann einkaufen, und dann Rasen m\u00e4hen und wieder Unkraut bek\u00e4mpfen&#8230;. ab und zu beim meinem Vater mit anpacken, beim Rohre verlegen.<br \/>Samstag ist Saubermachtag &#8211; im Keller gefegt, und weil Pfingsten ist, den ganzen Hof und unsere Zufahrt. Die Erde muss da ja weg, damit die nicht noch mehr festgefahren, festgetrampelt wird. <br \/>Um halb sieben habe ich mir dann Svandis geschnappt und bin mit ihr die Feldwgrunde (nichtmal 10 Minuten) geritten. Sie war so ein Engel. Ganz lieb!!! Anschlie\u00dfend mit Bj\u00f6rt die gleiche Runde &#8211; auch sie nur klasse. <br \/>Dann fix f\u00fcttern, schnell frisch machen und den Abend verbrachte ich bei Claudia. DSDS guckend auf dem Sofa.<\/p>\n","protected":false},"excerpt":{"rendered":"<p>Mittwochabend haben Kirsten und ich einmal die Hausrunde im Schritt geritten. Kirsten hat Bj\u00f6rt zum 2ten Mal mit Sidepull geritten, und diesmal klappte es hervorragend. Bj\u00f6rt und Svandis hatten beide an den Vorderf\u00fc\u00dfen die Hufschuhe an. Gingen auch prima. Da es so warm war\/ist haben beide auch nicht die Lust zum rennen. War eine sehr [&hellip;]<\/p>\n","protected":false},"author":1,"featured_media":0,"comment_status":"open","ping_status":"open","sticky":false,"template":"","format":"standard","meta":{"footnotes":""},"categories":[3,6],"tags":[],"class_list":["post-228","post","type-post","status-publish","format-standard","hentry","category-reiten","category-sonstiges"],"_links":{"self":[{"href":"https:\/\/www.birgit-edler.de\/wp\/wp-json\/wp\/v2\/posts\/228","targetHints":{"allow":["GET"]}}],"collection":[{"href":"https:\/\/www.birgit-edler.de\/wp\/wp-json\/wp\/v2\/posts"}],"about":[{"href":"https:\/\/www.birgit-edler.de\/wp\/wp-json\/wp\/v2\/types\/post"}],"author":[{"embeddable":true,"href":"https:\/\/www.birgit-edler.de\/wp\/wp-json\/wp\/v2\/users\/1"}],"replies":[{"embeddable":true,"href":"https:\/\/www.birgit-edler.de\/wp\/wp-json\/wp\/v2\/comments?post=228"}],"version-history":[{"count":0,"href":"https:\/\/www.birgit-edler.de\/wp\/wp-json\/wp\/v2\/posts\/228\/revisions"}],"wp:attachment":[{"href":"https:\/\/www.birgit-edler.de\/wp\/wp-json\/wp\/v2\/media?parent=228"}],"wp:term":[{"taxonomy":"category","embeddable":true,"href":"https:\/\/www.birgit-edler.de\/wp\/wp-json\/wp\/v2\/categories?post=228"},{"taxonomy":"post_tag","embeddable":true,"href":"https:\/\/www.birgit-edler.de\/wp\/wp-json\/wp\/v2\/tags?post=228"}],"curies":[{"name":"wp","href":"https:\/\/api.w.org\/{rel}","templated":true}]}}