{"id":223,"date":"2008-04-30T21:25:00","date_gmt":"2008-04-30T20:25:00","guid":{"rendered":"http:\/\/www.birgit-edler.de\/wp\/2008\/04\/ende-april\/"},"modified":"2008-04-30T21:25:00","modified_gmt":"2008-04-30T20:25:00","slug":"ende-april","status":"publish","type":"post","link":"https:\/\/www.birgit-edler.de\/wp\/2008\/04\/ende-april\/","title":{"rendered":"Ende April"},"content":{"rendered":"<p>Kirsten und ich hatten uns zum reiten verabredet am Montag. Den ganzen Tag \u00fcber als wir in den Kliniken hocken mussten war strahlender Sonnenschein. Aber um 16 Uhr fing der starke Regen an. Und der wurde bei uns nicht schw\u00e4cher, sondern immer st\u00e4rker. Also wurde das gemeinsame Ausreiten abgesagt. Als ich um 20 Uhr die Pferde versorgt hatte und wieder im Haus war, war strahlender Sonnenschein. Aber geritten bin ich da nicht mehr.   <br \/>Dienstag&#8230; Kirsten hatte (eigentlich) keine Zeit um zu kommen. Sie musste lang arbeiten, und ihr Mann auch. Abends musste Kirsten also f\u00fcr Sohn Luca da sein. Da das Wetter so sch\u00f6n wurde und ich allein keine Lust hatte, habe ich Kirsten und Luca zu einem Spaziergang \u00fcberredet. Luca bekam Askja an die Leine und Kirsten und ich liefen neben Bj\u00f6rt und Svandis her. Die 30 Minuten Hausrunde. War sch\u00f6n so zu laufen. Die letzten 600 m durfte Luca auf Bj\u00f6rt sitzen. Hat er auch sehr sch\u00f6n gemacht, und Bj\u00f6rt war auch sehr lieb. Wir haben dann noch gemeinsam gef\u00fcttert und ich habe Kirsten etwas Massage-Lieblingsstellen der Ponys gezeigt. Hatten alle unseren Spa\u00df dabei. <br \/>F\u00fcr heute hatten Kirsten und ich uns dann zum reiten verabredet. Kurz nach 18 Uhr sind wir losgeritten. Da war es noch trocken und sch\u00f6n. Als wir gerade am Wald waren, fing der Regen an. Kirsten hatte wenigstens eine Jacke an. Ich nur lang\u00e4rmeliges T-Shirt und Reitweste. So war ich relativ feucht nach ein paar Minuten. Im Wald merkte man den regen dann nicht so &#8211; und wir sind im Schritt \u00fcber eine Lieblings-Galoppstrecke. Bj\u00f6rt war v\u00f6llig entspannt und machte nichtmal einen Ansatz zum laufen. Sonst ist sie auf der Strecke kaum zu bremsen. Heute ganz locker. Kirsten war begeistert. Svandis ist wieder &#8222;wuschig&#8220; &#8211; sie hasst Gnitzen, sie hasst Regen, sie war ziemlich unleidlich. Aber keine groben Ausraster. Eigentlich war sie auch lieb, nur eben am Hampeln. Einen kleinen Galopp haben wir auf der Jogger Allee eingelegt und dann weiter im Schritt nach Hause. <br \/>Pferde wurde wieder gemeinsam gef\u00fcttert und dann war Feierabend.<\/p>\n","protected":false},"excerpt":{"rendered":"<p>Kirsten und ich hatten uns zum reiten verabredet am Montag. Den ganzen Tag \u00fcber als wir in den Kliniken hocken mussten war strahlender Sonnenschein. Aber um 16 Uhr fing der starke Regen an. Und der wurde bei uns nicht schw\u00e4cher, sondern immer st\u00e4rker. Also wurde das gemeinsame Ausreiten abgesagt. Als ich um 20 Uhr die [&hellip;]<\/p>\n","protected":false},"author":1,"featured_media":0,"comment_status":"open","ping_status":"open","sticky":false,"template":"","format":"standard","meta":{"footnotes":""},"categories":[1],"tags":[],"class_list":["post-223","post","type-post","status-publish","format-standard","hentry","category-allgemein"],"_links":{"self":[{"href":"https:\/\/www.birgit-edler.de\/wp\/wp-json\/wp\/v2\/posts\/223","targetHints":{"allow":["GET"]}}],"collection":[{"href":"https:\/\/www.birgit-edler.de\/wp\/wp-json\/wp\/v2\/posts"}],"about":[{"href":"https:\/\/www.birgit-edler.de\/wp\/wp-json\/wp\/v2\/types\/post"}],"author":[{"embeddable":true,"href":"https:\/\/www.birgit-edler.de\/wp\/wp-json\/wp\/v2\/users\/1"}],"replies":[{"embeddable":true,"href":"https:\/\/www.birgit-edler.de\/wp\/wp-json\/wp\/v2\/comments?post=223"}],"version-history":[{"count":0,"href":"https:\/\/www.birgit-edler.de\/wp\/wp-json\/wp\/v2\/posts\/223\/revisions"}],"wp:attachment":[{"href":"https:\/\/www.birgit-edler.de\/wp\/wp-json\/wp\/v2\/media?parent=223"}],"wp:term":[{"taxonomy":"category","embeddable":true,"href":"https:\/\/www.birgit-edler.de\/wp\/wp-json\/wp\/v2\/categories?post=223"},{"taxonomy":"post_tag","embeddable":true,"href":"https:\/\/www.birgit-edler.de\/wp\/wp-json\/wp\/v2\/tags?post=223"}],"curies":[{"name":"wp","href":"https:\/\/api.w.org\/{rel}","templated":true}]}}