{"id":212,"date":"2008-04-10T21:34:00","date_gmt":"2008-04-10T20:34:00","guid":{"rendered":"http:\/\/www.birgit-edler.de\/wp\/2008\/04\/ganz-wenig-zu-berichten\/"},"modified":"2008-04-10T21:34:00","modified_gmt":"2008-04-10T20:34:00","slug":"ganz-wenig-zu-berichten","status":"publish","type":"post","link":"https:\/\/www.birgit-edler.de\/wp\/2008\/04\/ganz-wenig-zu-berichten\/","title":{"rendered":"ganz wenig zu berichten"},"content":{"rendered":"<p>Montag war Aprilwetter vom Feinsten &#8211; wir versanken im Regen. Es war nur ungem\u00fctlich.<\/p>\n<p>Dienstag hatte &#8222;niemand&#8220; Zeit &#8211; so hatte ich also wieder 2 Pferde.<br \/>Zuerst mit Svandis geritten &#8211; die wieder behauptet hat, allein geht nicht. Ab dem Backsweg ist sie bockig &#8211; da will sie allein nicht runter. An der Stra\u00dfe lang bis zur Autobahnunterf\u00fchrung Loher Busch geht sie gut &#8211; dann macht sie bis in den Wald hinnein wieder Hampeleien und stellt sich doof. Auf dem weiteren Weg ist sie wieder lieb. Mit Sidepull geht sie deutlich besser als mit Gebiss &#8211; wie die Mama &#8211; Werde sie also wahrscheinlich doch vermehrt gebi\u00dflos reiten.<br \/>Bj\u00f6rt kam mir danach so langsam vor, das ich dachte sie hat was. Und wenn ich mir erstmal einbilde, das Pferd hat was&#8230; Jeder Schritt wird &#8222;bewusst \u00fcberpr\u00fcft&#8220; &#8211; jedes Zucken oder Stolpern k\u00f6nnte was ernstes sein. Als sie dann an der Borstenbach Br\u00fccke gegen das Sidepull dr\u00e4ngte und laufen wollte war ich fast froh! Sie durfte aber nicht. War mir alles zu matschig. <\/p>\n<p>Mittwoch habe ich die Pferde enthaart und ganz ordentlich geschrubbt &#8211; bevor ich zum Englisch bin. Mehr war zeitlich nicht drin. Und da ich furchtbar Kopfweh hatte, wollte ich auch nicht reiten.<\/p>\n<p>Heute habe ich ebenfalls die Pferde stehen lassen. Daf\u00fcr war Stallarbeit angesagt. Misten, Heu abwerfen usw. Damit war ich auch bis nach 21 Uhr besch\u00e4ftigt. <br \/>Die Pferde wollten beim F\u00fcttern etwas Streicheleinheiten &#8211; bekamen sie nat\u00fcrlich auch. <\/p>\n<p>Mal sehen, was am Freitag auf uns zu kommt&#8230;<\/p>\n","protected":false},"excerpt":{"rendered":"<p>Montag war Aprilwetter vom Feinsten &#8211; wir versanken im Regen. Es war nur ungem\u00fctlich. Dienstag hatte &#8222;niemand&#8220; Zeit &#8211; so hatte ich also wieder 2 Pferde.Zuerst mit Svandis geritten &#8211; die wieder behauptet hat, allein geht nicht. Ab dem Backsweg ist sie bockig &#8211; da will sie allein nicht runter. An der Stra\u00dfe lang bis [&hellip;]<\/p>\n","protected":false},"author":1,"featured_media":0,"comment_status":"open","ping_status":"open","sticky":false,"template":"","format":"standard","meta":{"footnotes":""},"categories":[3,6],"tags":[],"class_list":["post-212","post","type-post","status-publish","format-standard","hentry","category-reiten","category-sonstiges"],"_links":{"self":[{"href":"https:\/\/www.birgit-edler.de\/wp\/wp-json\/wp\/v2\/posts\/212","targetHints":{"allow":["GET"]}}],"collection":[{"href":"https:\/\/www.birgit-edler.de\/wp\/wp-json\/wp\/v2\/posts"}],"about":[{"href":"https:\/\/www.birgit-edler.de\/wp\/wp-json\/wp\/v2\/types\/post"}],"author":[{"embeddable":true,"href":"https:\/\/www.birgit-edler.de\/wp\/wp-json\/wp\/v2\/users\/1"}],"replies":[{"embeddable":true,"href":"https:\/\/www.birgit-edler.de\/wp\/wp-json\/wp\/v2\/comments?post=212"}],"version-history":[{"count":0,"href":"https:\/\/www.birgit-edler.de\/wp\/wp-json\/wp\/v2\/posts\/212\/revisions"}],"wp:attachment":[{"href":"https:\/\/www.birgit-edler.de\/wp\/wp-json\/wp\/v2\/media?parent=212"}],"wp:term":[{"taxonomy":"category","embeddable":true,"href":"https:\/\/www.birgit-edler.de\/wp\/wp-json\/wp\/v2\/categories?post=212"},{"taxonomy":"post_tag","embeddable":true,"href":"https:\/\/www.birgit-edler.de\/wp\/wp-json\/wp\/v2\/tags?post=212"}],"curies":[{"name":"wp","href":"https:\/\/api.w.org\/{rel}","templated":true}]}}