{"id":210,"date":"2008-04-04T22:29:00","date_gmt":"2008-04-04T21:29:00","guid":{"rendered":"http:\/\/www.birgit-edler.de\/wp\/2008\/04\/wochenendbeginn\/"},"modified":"2008-04-04T22:29:00","modified_gmt":"2008-04-04T21:29:00","slug":"wochenendbeginn","status":"publish","type":"post","link":"https:\/\/www.birgit-edler.de\/wp\/2008\/04\/wochenendbeginn\/","title":{"rendered":"Wochenendbeginn"},"content":{"rendered":"<p>Freitag &#8211; bin schon Mittags heim &#8211; muss \u00dcberstunden abbauen.<\/p>\n<p>Da Kirsten Freitags ja keine Zeit hat, rief ich bei Thomas an&#8230; Mal anfragen, ob das M\u00e4del nicht mehr reiten will.<br \/>Ich hatte auch Mariele am Telefon &#8211; die w\u00e4re am liebsten durchs Telefon gekrochen. Aber Papa war nicht da. Ich meinte, sie k\u00f6nnen ja anrufen, wenn sie noch kommen wollen &#8211; oder sich am Wochenende melden &#8211; wenn es nicht gerade regnet.<\/p>\n<p>Ich habe mir dann Bj\u00f6rt fertig gemacht und bin mit ihr eine super entspannte Schrittrunde geritten. Sie ging so sch\u00f6n locker voran, das war herrlich. <br \/>Kein Ziehen am Sidepull, kein wegst\u00fcrmen. F\u00fcr Bj\u00f6rtverh\u00e4ltnisse fast am Einschlafen.<br \/>Ja, Svandis h\u00e4tte ewig auftraben m\u00fcssen. Nein, Bj\u00f6rt hat keine kleinen Zackelschritte gemacht.<br \/>Dann wurde Svandis gesattelt und bekam das Sidepull \u00fcber. Sie war doch der Meinung, das man ohne Bj\u00f6rtbegleitung nicht gehen muss. Wir einigten uns jedoch schnell auf &#8222;gehen&#8220;. Kaum das wir richtig starten wollten, kam meine Mutter &#8222;Mariele kommt &#8211; sie hat gerade angerufen&#8220; &#8211; Na, das war mir auch gerade egal &#8211; wo ich schon mal auf Svandis sa\u00df, soll die nicht wieder merken das sie mit Bocken durchkommt. Also S\u00fcdweg hoch und bis zum Backsweg. Svandis war nach den Startschwierigkeiten auch sehr lieb. Sie kann das! Sie will nur nicht! Als wir am Backsweg wendeten. Kam Thomas da runtergefahren. Mariele und eine Freundin hinten im Bulli. Die sind zum Hof gefahren und haben Bj\u00f6rt geholt. Bj\u00f6rt war wohl ziemlich verdaddert, das schon wieder jemand was von ihr wollte. Doch sie ist ja ein Engel im Umgang, von daher keine Probleme f\u00fcr Thomas und die Kids. Als Bj\u00f6rt rittfertig war, war ich auch schon mit Svandis wieder am Hof. Askja bekam ihr Laufgeschirr um und kam an der Leine mit. Mariele ritt nat\u00fcrlich wieder &#8222;ihre&#8220; Bj\u00f6rt von mir gef\u00fchrt, und Thomas f\u00fchrte Marieles Freundin auf Svandis. Wir sind die Hausrunde spaziert. Mariele sollte allein lenken &#8211; ich lie\u00df den F\u00fchrstrick sehr locker. Und mit Sidepull kann sie dem Pferd auch nicht wehtun. Das hat auch schon gut funktioniert &#8211; ist aber noch meilenweit vom Alleinreiten entfernt. Marieles Freundin hat noch nie zuvor auf einem Pferd gesessen und war ganz begeistert von Svandis.<\/p>\n<p>So hatten wir alle einen sch\u00f6nen Nachmittag, und die Pferde ihre Bewegung<\/p>\n","protected":false},"excerpt":{"rendered":"<p>Freitag &#8211; bin schon Mittags heim &#8211; muss \u00dcberstunden abbauen. Da Kirsten Freitags ja keine Zeit hat, rief ich bei Thomas an&#8230; Mal anfragen, ob das M\u00e4del nicht mehr reiten will.Ich hatte auch Mariele am Telefon &#8211; die w\u00e4re am liebsten durchs Telefon gekrochen. Aber Papa war nicht da. Ich meinte, sie k\u00f6nnen ja anrufen, [&hellip;]<\/p>\n","protected":false},"author":1,"featured_media":0,"comment_status":"open","ping_status":"open","sticky":false,"template":"","format":"standard","meta":{"footnotes":""},"categories":[3],"tags":[],"class_list":["post-210","post","type-post","status-publish","format-standard","hentry","category-reiten"],"_links":{"self":[{"href":"https:\/\/www.birgit-edler.de\/wp\/wp-json\/wp\/v2\/posts\/210","targetHints":{"allow":["GET"]}}],"collection":[{"href":"https:\/\/www.birgit-edler.de\/wp\/wp-json\/wp\/v2\/posts"}],"about":[{"href":"https:\/\/www.birgit-edler.de\/wp\/wp-json\/wp\/v2\/types\/post"}],"author":[{"embeddable":true,"href":"https:\/\/www.birgit-edler.de\/wp\/wp-json\/wp\/v2\/users\/1"}],"replies":[{"embeddable":true,"href":"https:\/\/www.birgit-edler.de\/wp\/wp-json\/wp\/v2\/comments?post=210"}],"version-history":[{"count":0,"href":"https:\/\/www.birgit-edler.de\/wp\/wp-json\/wp\/v2\/posts\/210\/revisions"}],"wp:attachment":[{"href":"https:\/\/www.birgit-edler.de\/wp\/wp-json\/wp\/v2\/media?parent=210"}],"wp:term":[{"taxonomy":"category","embeddable":true,"href":"https:\/\/www.birgit-edler.de\/wp\/wp-json\/wp\/v2\/categories?post=210"},{"taxonomy":"post_tag","embeddable":true,"href":"https:\/\/www.birgit-edler.de\/wp\/wp-json\/wp\/v2\/tags?post=210"}],"curies":[{"name":"wp","href":"https:\/\/api.w.org\/{rel}","templated":true}]}}