{"id":209,"date":"2008-04-03T20:35:00","date_gmt":"2008-04-03T19:35:00","guid":{"rendered":"http:\/\/www.birgit-edler.de\/wp\/2008\/04\/schon-wieder-eine-woche\/"},"modified":"2008-04-03T20:35:00","modified_gmt":"2008-04-03T19:35:00","slug":"schon-wieder-eine-woche","status":"publish","type":"post","link":"https:\/\/www.birgit-edler.de\/wp\/2008\/04\/schon-wieder-eine-woche\/","title":{"rendered":"schon wieder eine Woche"},"content":{"rendered":"<p>und wieder nichts geschrieben.<br \/>Es war aber auch nicht viel los.<br \/>Montag bin ich die Beiden Pferde die Mini-Runde jeweils ohne Sattel geritten. Beide waren wirklich lieb. <br \/>Dienstag dachten Kirsten und ich spontan an einen kleinen Ausritt. Jedoch fing es genau 10 Minuten vorher so furchtbar an zu regnen, das wir spontan den Ausritt abgeblasen haben. Das ging gar nicht. <br \/>Mittwoch haben wir den spontanen Plan aber nachgeholt. Ich konnte um 16 Uhr Feierabend machen. Um 17.30 Uhr ritten wir dann los. Kirsten musste Bj\u00f6rt st\u00e4ndig bremsen und Svandis trabte st\u00e4ndig auf. Wir wollten wegen der nassen Wege nur Schritt gehen. Bj\u00f6rt hat auch einen Schrittausritt gemacht, Svandis einen Schritt\/Trab-Ausritt. War sehr sch\u00f6n. <br \/>Kirsten half noch beim F\u00fcttern und versorgen der Pferde. Dann musste ich mich auch umziehen und Marion wegen dem Englisch Kurs abholen. <br \/>Nach dem Englisch hatten Marion und ich solches Magenknurren, das wir noch fix in den Supermarkt sind (die haben ja bis 22 Uhr auf) Ich habe mich erstmal wieder mit Zwieback eingedeckt. <br \/>Heute Abend wurden die Pferde wieder mit blauen und gelben Schaumstoffstangen ge\u00e4rgert. Bj\u00f6rt h\u00fcpfte anfangs wieder wild umher, bis sie sich doch wieder normal benommen hat. Svandis nimmt das Ganze einfach hin und geht sch\u00f6n aufmerksam durch die Gassen. <br \/>Macht Spa\u00df mit den Beiden &#8222;zu spielen&#8220;<\/p>\n","protected":false},"excerpt":{"rendered":"<p>und wieder nichts geschrieben.Es war aber auch nicht viel los.Montag bin ich die Beiden Pferde die Mini-Runde jeweils ohne Sattel geritten. Beide waren wirklich lieb. Dienstag dachten Kirsten und ich spontan an einen kleinen Ausritt. Jedoch fing es genau 10 Minuten vorher so furchtbar an zu regnen, das wir spontan den Ausritt abgeblasen haben. Das [&hellip;]<\/p>\n","protected":false},"author":1,"featured_media":0,"comment_status":"open","ping_status":"open","sticky":false,"template":"","format":"standard","meta":{"footnotes":""},"categories":[6],"tags":[],"class_list":["post-209","post","type-post","status-publish","format-standard","hentry","category-sonstiges"],"_links":{"self":[{"href":"https:\/\/www.birgit-edler.de\/wp\/wp-json\/wp\/v2\/posts\/209","targetHints":{"allow":["GET"]}}],"collection":[{"href":"https:\/\/www.birgit-edler.de\/wp\/wp-json\/wp\/v2\/posts"}],"about":[{"href":"https:\/\/www.birgit-edler.de\/wp\/wp-json\/wp\/v2\/types\/post"}],"author":[{"embeddable":true,"href":"https:\/\/www.birgit-edler.de\/wp\/wp-json\/wp\/v2\/users\/1"}],"replies":[{"embeddable":true,"href":"https:\/\/www.birgit-edler.de\/wp\/wp-json\/wp\/v2\/comments?post=209"}],"version-history":[{"count":0,"href":"https:\/\/www.birgit-edler.de\/wp\/wp-json\/wp\/v2\/posts\/209\/revisions"}],"wp:attachment":[{"href":"https:\/\/www.birgit-edler.de\/wp\/wp-json\/wp\/v2\/media?parent=209"}],"wp:term":[{"taxonomy":"category","embeddable":true,"href":"https:\/\/www.birgit-edler.de\/wp\/wp-json\/wp\/v2\/categories?post=209"},{"taxonomy":"post_tag","embeddable":true,"href":"https:\/\/www.birgit-edler.de\/wp\/wp-json\/wp\/v2\/tags?post=209"}],"curies":[{"name":"wp","href":"https:\/\/api.w.org\/{rel}","templated":true}]}}