{"id":2041,"date":"2014-11-20T21:19:01","date_gmt":"2014-11-20T20:19:01","guid":{"rendered":"http:\/\/www.birgit-edler.de\/wp\/?p=2041"},"modified":"2014-11-20T21:19:01","modified_gmt":"2014-11-20T20:19:01","slug":"feierabendrunde-4","status":"publish","type":"post","link":"https:\/\/www.birgit-edler.de\/wp\/2014\/11\/feierabendrunde-4\/","title":{"rendered":"Feierabendrunde"},"content":{"rendered":"<p>Heute bin ich ein wenig eher aus dem B\u00fcro verschwunden. Erst in Vlotho beim Landhandel das Tierfutter holen und dann die &#8222;Helligkeit&#8220; noch etwas ausnutzen. <a href=\"http:\/\/www.birgit-edler.de\/wp\/wp-content\/uploads\/2014\/11\/2014-11-20-16.25.55.jpg\" rel=\"lightbox[2041]\"><img loading=\"lazy\" decoding=\"async\" src=\"http:\/\/www.birgit-edler.de\/wp\/wp-content\/uploads\/2014\/11\/2014-11-20-16.25.55-1024x576.jpg\" alt=\"2014-11-20 16.25.55\" width=\"640\" height=\"360\" class=\"aligncenter size-large wp-image-2039\" srcset=\"https:\/\/www.birgit-edler.de\/wp\/wp-content\/uploads\/2014\/11\/2014-11-20-16.25.55-1024x576.jpg 1024w, https:\/\/www.birgit-edler.de\/wp\/wp-content\/uploads\/2014\/11\/2014-11-20-16.25.55-300x168.jpg 300w\" sizes=\"auto, (max-width: 640px) 100vw, 640px\" \/><\/a><br \/>\nBj\u00f6rt war bi\u00dfchen feucht und dreckig, da sie noch auf die Weide d\u00fcrfen und Bj\u00f6rt sich scheinbar erst kurz bevor ich kam ausgiebig der K\u00f6rperpflege hingegeben hat. Den gr\u00f6bsten Dreck habe ich abgekratzt, doch ganz sauber geht im Herbst\/Winter einfach nicht.<br \/>\nBj\u00f6rt und ich sind fix einmal ins Runde geritten. <a href=\"http:\/\/www.birgit-edler.de\/wp\/wp-content\/uploads\/2014\/11\/2014-11-20-16.43.30.jpg\" rel=\"lightbox[2041]\"><img loading=\"lazy\" decoding=\"async\" src=\"http:\/\/www.birgit-edler.de\/wp\/wp-content\/uploads\/2014\/11\/2014-11-20-16.43.30-1024x576.jpg\" alt=\"2014-11-20 16.43.30\" width=\"640\" height=\"360\" class=\"aligncenter size-large wp-image-2040\" srcset=\"https:\/\/www.birgit-edler.de\/wp\/wp-content\/uploads\/2014\/11\/2014-11-20-16.43.30-1024x576.jpg 1024w, https:\/\/www.birgit-edler.de\/wp\/wp-content\/uploads\/2014\/11\/2014-11-20-16.43.30-300x168.jpg 300w\" sizes=\"auto, (max-width: 640px) 100vw, 640px\" \/><\/a>Bis vor ein paar Jahren konnte man da noch sehr gut Essen, im Sommer drau\u00dfen sitzen und die Aussicht genie\u00dfen. Auf die Idee kommt momentan sicher niemand. Auch der Spazier\/Feldweg hoch zur Bergsch\u00e4nke\/R\u00fctli ist beinahe zugewachsen. Noch kommt man durch, aber gerade eben so.<br \/>\nDie kleine Runde war sehr sch\u00f6n. Endlich mal wieder etwas unterwegs&#8230;<\/p>\n","protected":false},"excerpt":{"rendered":"<p>Heute bin ich ein wenig eher aus dem B\u00fcro verschwunden. Erst in Vlotho beim Landhandel das Tierfutter holen und dann die &#8222;Helligkeit&#8220; noch etwas ausnutzen. Bj\u00f6rt war bi\u00dfchen feucht und dreckig, da sie noch auf die Weide d\u00fcrfen und Bj\u00f6rt sich scheinbar erst kurz bevor ich kam ausgiebig der K\u00f6rperpflege hingegeben hat. Den gr\u00f6bsten Dreck [&hellip;]<\/p>\n","protected":false},"author":1,"featured_media":0,"comment_status":"open","ping_status":"open","sticky":false,"template":"","format":"standard","meta":{"footnotes":""},"categories":[3],"tags":[],"class_list":["post-2041","post","type-post","status-publish","format-standard","hentry","category-reiten"],"_links":{"self":[{"href":"https:\/\/www.birgit-edler.de\/wp\/wp-json\/wp\/v2\/posts\/2041","targetHints":{"allow":["GET"]}}],"collection":[{"href":"https:\/\/www.birgit-edler.de\/wp\/wp-json\/wp\/v2\/posts"}],"about":[{"href":"https:\/\/www.birgit-edler.de\/wp\/wp-json\/wp\/v2\/types\/post"}],"author":[{"embeddable":true,"href":"https:\/\/www.birgit-edler.de\/wp\/wp-json\/wp\/v2\/users\/1"}],"replies":[{"embeddable":true,"href":"https:\/\/www.birgit-edler.de\/wp\/wp-json\/wp\/v2\/comments?post=2041"}],"version-history":[{"count":1,"href":"https:\/\/www.birgit-edler.de\/wp\/wp-json\/wp\/v2\/posts\/2041\/revisions"}],"predecessor-version":[{"id":2042,"href":"https:\/\/www.birgit-edler.de\/wp\/wp-json\/wp\/v2\/posts\/2041\/revisions\/2042"}],"wp:attachment":[{"href":"https:\/\/www.birgit-edler.de\/wp\/wp-json\/wp\/v2\/media?parent=2041"}],"wp:term":[{"taxonomy":"category","embeddable":true,"href":"https:\/\/www.birgit-edler.de\/wp\/wp-json\/wp\/v2\/categories?post=2041"},{"taxonomy":"post_tag","embeddable":true,"href":"https:\/\/www.birgit-edler.de\/wp\/wp-json\/wp\/v2\/tags?post=2041"}],"curies":[{"name":"wp","href":"https:\/\/api.w.org\/{rel}","templated":true}]}}