{"id":202,"date":"2008-03-23T10:31:00","date_gmt":"2008-03-23T09:31:00","guid":{"rendered":"http:\/\/www.birgit-edler.de\/wp\/2008\/03\/eine-woche-rum\/"},"modified":"2008-03-23T10:31:00","modified_gmt":"2008-03-23T09:31:00","slug":"eine-woche-rum","status":"publish","type":"post","link":"https:\/\/www.birgit-edler.de\/wp\/2008\/03\/eine-woche-rum\/","title":{"rendered":"Eine Woche rum"},"content":{"rendered":"<p>Und ich habe nichts geschrieben.<br \/>hmm<br \/>Es ist aber auch nichts passiert. Das Wetter lie\u00df so ziemlich nichts zu. <br \/>Dienstag habe ich am Abend mal wieder meine blauen und gelben Schaumstoffstangen auf dem Hof ausgebreitet und eine Gasse sowie ein Qardrat gelegt. Dort mussten die Pferde an der Longe dann durch die Gasse und \u00fcber das Quardrat. Svandis guckte sich das an und machte das, als wenn es immer so w\u00e4re. Bj\u00f6rt schaltete wieder auf Panik, weil das sonst nie so ist. Hat dann aber nach 15 Minuten auch begriffen wie es geht. Nur F\u00fc\u00dfe heben um \u00fcber die Stangen zu gehen. Das will die kleine Bj\u00f6rt nicht. <br \/>Mittwoch hatten die 2 komplett frei. <br \/>Donnerstag kam trotz Regen die Kirsten und wir sind die Hausrunde im D\u00e4mmerlicht und mit Regenzeug ausstaffiert geritten. Bj\u00f6rt hatte wieder kaum eine Bremse, wobei Kirsten sie wirklich gut unter Kontrolle hatte und Bj\u00f6rt nicht losgerannt ist. Nur der Schritt war halt sehr schnell. <br \/>Svandis hingegen war nach sehr langer Zeit mal wieder absolut unausstehlich. Ich dachte, das wir die Phase nun eigentlich hinter uns hatten. Doch naja, ein R\u00fcckschritt eben mal. Wird auch wieder besser. Zumindest hat sie das Steigen sein lassen. Bi\u00dfchen Zappeln und mal hier und da ein Bocksprung, das kann ich aushalten. <\/p>\n<p>Karfreitag und Ostersamstag versanken in Dauerregen bzw Schnee. Da ging gar nichts. <br \/>Samstagvormittag hatte ich Besuch von einer &#8222;Isi-Listen-Bekannten&#8220; Sandra und ihre kleine Tochter Hannah waren von 10 bis 13 Uhr hier. Wir haben uns nett unterhalten. Bei den Pferden im Stall waren wir nur ganz kurz, da es viel zu kalt und zu nass war. <\/p>\n<p>Wenn das Wetter heute h\u00e4lt, d\u00fcrfen die Pferde heut Nachmittag was machen&#8230;<\/p>\n","protected":false},"excerpt":{"rendered":"<p>Und ich habe nichts geschrieben.hmmEs ist aber auch nichts passiert. Das Wetter lie\u00df so ziemlich nichts zu. Dienstag habe ich am Abend mal wieder meine blauen und gelben Schaumstoffstangen auf dem Hof ausgebreitet und eine Gasse sowie ein Qardrat gelegt. Dort mussten die Pferde an der Longe dann durch die Gasse und \u00fcber das Quardrat. [&hellip;]<\/p>\n","protected":false},"author":1,"featured_media":0,"comment_status":"open","ping_status":"open","sticky":false,"template":"","format":"standard","meta":{"footnotes":""},"categories":[3,6],"tags":[],"class_list":["post-202","post","type-post","status-publish","format-standard","hentry","category-reiten","category-sonstiges"],"_links":{"self":[{"href":"https:\/\/www.birgit-edler.de\/wp\/wp-json\/wp\/v2\/posts\/202","targetHints":{"allow":["GET"]}}],"collection":[{"href":"https:\/\/www.birgit-edler.de\/wp\/wp-json\/wp\/v2\/posts"}],"about":[{"href":"https:\/\/www.birgit-edler.de\/wp\/wp-json\/wp\/v2\/types\/post"}],"author":[{"embeddable":true,"href":"https:\/\/www.birgit-edler.de\/wp\/wp-json\/wp\/v2\/users\/1"}],"replies":[{"embeddable":true,"href":"https:\/\/www.birgit-edler.de\/wp\/wp-json\/wp\/v2\/comments?post=202"}],"version-history":[{"count":0,"href":"https:\/\/www.birgit-edler.de\/wp\/wp-json\/wp\/v2\/posts\/202\/revisions"}],"wp:attachment":[{"href":"https:\/\/www.birgit-edler.de\/wp\/wp-json\/wp\/v2\/media?parent=202"}],"wp:term":[{"taxonomy":"category","embeddable":true,"href":"https:\/\/www.birgit-edler.de\/wp\/wp-json\/wp\/v2\/categories?post=202"},{"taxonomy":"post_tag","embeddable":true,"href":"https:\/\/www.birgit-edler.de\/wp\/wp-json\/wp\/v2\/tags?post=202"}],"curies":[{"name":"wp","href":"https:\/\/api.w.org\/{rel}","templated":true}]}}