{"id":1891,"date":"2014-04-27T17:42:15","date_gmt":"2014-04-27T15:42:15","guid":{"rendered":"http:\/\/www.birgit-edler.de\/wp\/?p=1891"},"modified":"2014-04-27T17:42:15","modified_gmt":"2014-04-27T15:42:15","slug":"letzte-aprilwochen","status":"publish","type":"post","link":"https:\/\/www.birgit-edler.de\/wp\/2014\/04\/letzte-aprilwochen\/","title":{"rendered":"letzte Aprilwochen"},"content":{"rendered":"<p><a href=\"https:\/\/picasaweb.google.com\/lh\/photo\/cyN5kR_jJMu9DkuQVpW121hzCGOYTHN1-d-ctGIYNas?feat=embedwebsite\"><img loading=\"lazy\" decoding=\"async\" src=\"https:\/\/lh6.googleusercontent.com\/-ECe8prFTzI4\/U1Ke3aEaVkI\/AAAAAAAAH9E\/a79CQlc2ieQ\/s400\/14-04-19%2520%25288%2529.JPG\" height=\"300\" width=\"400\" \/><\/a><br \/>\nAm Osterwochenende konnte man das Wetter noch genie\u00dfen und am Samstag habe ich Grassamen gekauft so das <a href=\"http:\/\/www.andreas-edler.de\/blog\/2014\/04\/gras-gesaet\/\">der Bruder<\/a> unseren ehemaligen Gem\u00fcsegarten zu einer hoffentlich bald gr\u00fcnen Wiese verwandeln konnte. Ich hatte Donnerstag noch den Garten mit Kalk \u00fcbergestreut, der Bruder hat nochmal gefr\u00e4st am Samstag und das Gras einges\u00e4t und festgewalzt. Wachsen muss es von allein &#8211; heut fr\u00fch habe ich auch erste gr\u00fcne Spiere entdeckt! Es wird!<br \/>\n<a href=\"https:\/\/picasaweb.google.com\/lh\/photo\/eCxcTrYchyC6vtx4gf1PFFhzCGOYTHN1-d-ctGIYNas?feat=embedwebsite\"><img loading=\"lazy\" decoding=\"async\" src=\"https:\/\/lh6.googleusercontent.com\/-Kmnv1YhgVYY\/U1Ke7TAaYRI\/AAAAAAAAH9M\/hr7V5wHxZEA\/s400\/14-04-19%2520%252810%2529.JPG\" height=\"300\" width=\"400\" \/><\/a><br \/>\nW\u00e4hrend wir im Garten waren, durften die Pferde am Ostersamstag auf der Wiese laufen. Und sogar Svandis hat es diesmal w\u00f6rtlich genommen \ud83d\ude42<br \/>\nOstersonntag verbrachten wir bei meiner Tante um Geburtstag zu feiern. Ostermontag war die Taufe des kleinsten Familienmitglieds. So war der Montag mit Kirche, Mittagessen und Kaffeetrinken ausgef\u00fcllt. Zwischendurch war ich kurz daheim um die Pferde zu versorgen, doch geritten bin ich an Ostern nicht.<br \/>\nGestern vormittag waren Mutter und ich unterwegs um Eink\u00e4ufe zu erledigen. Am Nachmittag habe ich dann ein paar kleinere Ecken im Garten durchgehackt und Rasenkantensteine gelegt. <a href=\"http:\/\/www.birgit-edler.de\/wp\/wp-content\/uploads\/2014\/04\/2014-04-26-16.21.40.jpg\" rel=\"lightbox[1891]\"><img loading=\"lazy\" decoding=\"async\" src=\"http:\/\/www.birgit-edler.de\/wp\/wp-content\/uploads\/2014\/04\/2014-04-26-16.21.40-300x168.jpg\" alt=\"2014-04-26 16.21.40\" width=\"300\" height=\"168\" class=\"aligncenter size-medium wp-image-1893\" srcset=\"https:\/\/www.birgit-edler.de\/wp\/wp-content\/uploads\/2014\/04\/2014-04-26-16.21.40-300x168.jpg 300w, https:\/\/www.birgit-edler.de\/wp\/wp-content\/uploads\/2014\/04\/2014-04-26-16.21.40-1024x576.jpg 1024w\" sizes=\"auto, (max-width: 300px) 100vw, 300px\" \/><\/a><\/p>\n<p><a href=\"http:\/\/www.birgit-edler.de\/wp\/wp-content\/uploads\/2014\/04\/2014-04-26-16.22.05.jpg\" rel=\"lightbox[1891]\"><img loading=\"lazy\" decoding=\"async\" src=\"http:\/\/www.birgit-edler.de\/wp\/wp-content\/uploads\/2014\/04\/2014-04-26-16.22.05-300x168.jpg\" alt=\"2014-04-26 16.22.05\" width=\"300\" height=\"168\" class=\"aligncenter size-medium wp-image-1894\" srcset=\"https:\/\/www.birgit-edler.de\/wp\/wp-content\/uploads\/2014\/04\/2014-04-26-16.22.05-300x168.jpg 300w, https:\/\/www.birgit-edler.de\/wp\/wp-content\/uploads\/2014\/04\/2014-04-26-16.22.05-1024x576.jpg 1024w\" sizes=\"auto, (max-width: 300px) 100vw, 300px\" \/><\/a><br \/>\nDort wollen wir auch keinen Blumengarten mehr machen, da es einfach zu viel Arbeit macht. Rasenm\u00e4hen ist deutlich einfacher. Drei kleine Ecken habe ich gestern mit Rasen einges\u00e4t. Und weil die Erde so trocken war, habe ich nach dem eins\u00e4en und festwalzen noch alles gew\u00e4ssert. Tja &#8211; das h\u00e4tte ich mir auch sparen k\u00f6nnen, denn am Abend und in der Nacht gewitterte und regnete es dann reichlich.<br \/>\nNachdem ich im Garten soweit war &#8211; eine etwas gr\u00f6\u00dfere Ecke muss ich noch in Rasen umwandeln, hatte aber keine Lust mehr am Samstag &#8211; bin ich um 18.30 Uhr noch mit Bj\u00f6rt losgeritten als ich die Stallarbeit erledigt hatte.<br \/>\nHeute hat es den ganzen Tag \u00fcber geregnet. Die Pferde konnten auf der Wiese knabbern. Morgens durften sie etwas ins lange Gras, am Nachmittag durften sie auf der mageren Teichwiese weiterknabbern. Zum Reiten im Regen hatte ich keine Lust. Habe den Nachmittag lieber verschlafen. <\/p>\n","protected":false},"excerpt":{"rendered":"<p>Am Osterwochenende konnte man das Wetter noch genie\u00dfen und am Samstag habe ich Grassamen gekauft so das der Bruder unseren ehemaligen Gem\u00fcsegarten zu einer hoffentlich bald gr\u00fcnen Wiese verwandeln konnte. Ich hatte Donnerstag noch den Garten mit Kalk \u00fcbergestreut, der Bruder hat nochmal gefr\u00e4st am Samstag und das Gras einges\u00e4t und festgewalzt. Wachsen muss es [&hellip;]<\/p>\n","protected":false},"author":1,"featured_media":0,"comment_status":"open","ping_status":"open","sticky":false,"template":"","format":"standard","meta":{"footnotes":""},"categories":[3,6],"tags":[],"class_list":["post-1891","post","type-post","status-publish","format-standard","hentry","category-reiten","category-sonstiges"],"_links":{"self":[{"href":"https:\/\/www.birgit-edler.de\/wp\/wp-json\/wp\/v2\/posts\/1891","targetHints":{"allow":["GET"]}}],"collection":[{"href":"https:\/\/www.birgit-edler.de\/wp\/wp-json\/wp\/v2\/posts"}],"about":[{"href":"https:\/\/www.birgit-edler.de\/wp\/wp-json\/wp\/v2\/types\/post"}],"author":[{"embeddable":true,"href":"https:\/\/www.birgit-edler.de\/wp\/wp-json\/wp\/v2\/users\/1"}],"replies":[{"embeddable":true,"href":"https:\/\/www.birgit-edler.de\/wp\/wp-json\/wp\/v2\/comments?post=1891"}],"version-history":[{"count":3,"href":"https:\/\/www.birgit-edler.de\/wp\/wp-json\/wp\/v2\/posts\/1891\/revisions"}],"predecessor-version":[{"id":1896,"href":"https:\/\/www.birgit-edler.de\/wp\/wp-json\/wp\/v2\/posts\/1891\/revisions\/1896"}],"wp:attachment":[{"href":"https:\/\/www.birgit-edler.de\/wp\/wp-json\/wp\/v2\/media?parent=1891"}],"wp:term":[{"taxonomy":"category","embeddable":true,"href":"https:\/\/www.birgit-edler.de\/wp\/wp-json\/wp\/v2\/categories?post=1891"},{"taxonomy":"post_tag","embeddable":true,"href":"https:\/\/www.birgit-edler.de\/wp\/wp-json\/wp\/v2\/tags?post=1891"}],"curies":[{"name":"wp","href":"https:\/\/api.w.org\/{rel}","templated":true}]}}