{"id":1860,"date":"2014-03-18T20:48:17","date_gmt":"2014-03-18T19:48:17","guid":{"rendered":"http:\/\/www.birgit-edler.de\/wp\/?p=1860"},"modified":"2014-03-18T20:48:17","modified_gmt":"2014-03-18T19:48:17","slug":"alles-neu","status":"publish","type":"post","link":"https:\/\/www.birgit-edler.de\/wp\/2014\/03\/alles-neu\/","title":{"rendered":"alles neu&#8230;"},"content":{"rendered":"<p>&#8230; macht der M\u00e4rz.<br \/>\nDa das Wetter Anfang M\u00e4rz ja so toll war, hab ich mir gedacht, das es vielleicht sinnig w\u00e4re schon Sommerreifen zu bestellen. Der Yeti muss im August zum 2ten Mal zum T\u00dcV, und schon vor 2 Jahren wurde mir beim Pr\u00fcftermin gesagt, das die Sommerreifen grenzwertig seien. Dies Jahr waren also zum Saisonbeginn neue Reifen f\u00e4llig. Kommt davon, wenn man ein Auto mit gebrauchten Reifen \u00fcbernimmt \ud83d\ude41 Letzte Woche habe ich also beim Reifenhandel &#8222;die Gleichen&#8220; Reifen bestellt, die schon drauf waren und habe die Sommerr\u00e4der zum H\u00e4ndler gebracht. Heute kam der Anruf, das die Reifen auf die Felgen gezogen seien und ich zum Wechseln kommen k\u00f6nnte.<br \/>\nDas habe ich dann gleich nach Feierabend in Angriff genommen, und keine 20 Minuten sp\u00e4ter hatte der Yeti seine Sommerpuschen.<\/p>\n<p>Ebenfalls habe ich Anfang M\u00e4rz mal meine Augen \u00fcberpr\u00fcfen lassen. Ich brauchte neue Kontaktlinsen und hatte auch das Gef\u00fchl, die Brille stimmt nicht mehr. Und tats\u00e4chlich ist es links wieder schlechter geworden.<\/p>\n<p><a href=\"http:\/\/www.birgit-edler.de\/wp\/wp-content\/uploads\/2014\/03\/2014-03-18-20.16.12.jpg\" rel=\"lightbox[1860]\"><img loading=\"lazy\" decoding=\"async\" class=\"aligncenter size-full wp-image-1861\" alt=\"2014-03-18 20.16.12\" src=\"http:\/\/www.birgit-edler.de\/wp\/wp-content\/uploads\/2014\/03\/2014-03-18-20.16.12.jpg\" width=\"2560\" height=\"1440\" srcset=\"https:\/\/www.birgit-edler.de\/wp\/wp-content\/uploads\/2014\/03\/2014-03-18-20.16.12.jpg 2560w, https:\/\/www.birgit-edler.de\/wp\/wp-content\/uploads\/2014\/03\/2014-03-18-20.16.12-300x168.jpg 300w, https:\/\/www.birgit-edler.de\/wp\/wp-content\/uploads\/2014\/03\/2014-03-18-20.16.12-1024x576.jpg 1024w\" sizes=\"auto, (max-width: 2560px) 100vw, 2560px\" \/><\/a><\/p>\n<p>Da die Augen unterschiedlich stark betroffen sind von der Sehschw\u00e4che, und rechts nicht noch weiter \u00fcberlastet werden soll, habe ich mich zu einer neuen Brille entschlossen. Auch die konnte ich heute abholen.<\/p>\n<p><a href=\"http:\/\/www.birgit-edler.de\/wp\/wp-content\/uploads\/2014\/03\/2014-03-18-20.37.42.jpg\" rel=\"lightbox[1860]\"><img loading=\"lazy\" decoding=\"async\" class=\"aligncenter size-full wp-image-1862\" alt=\"2014-03-18 20.37.42\" src=\"http:\/\/www.birgit-edler.de\/wp\/wp-content\/uploads\/2014\/03\/2014-03-18-20.37.42.jpg\" width=\"2560\" height=\"1440\" srcset=\"https:\/\/www.birgit-edler.de\/wp\/wp-content\/uploads\/2014\/03\/2014-03-18-20.37.42.jpg 2560w, https:\/\/www.birgit-edler.de\/wp\/wp-content\/uploads\/2014\/03\/2014-03-18-20.37.42-300x168.jpg 300w, https:\/\/www.birgit-edler.de\/wp\/wp-content\/uploads\/2014\/03\/2014-03-18-20.37.42-1024x576.jpg 1024w\" sizes=\"auto, (max-width: 2560px) 100vw, 2560px\" \/><\/a><\/p>\n<p>Nun muss ich mich an das neue Sehgef\u00fchl gew\u00f6hnen. Noch macht es ein bi\u00dfchen schwindelig. Doch das ist ja normal<\/p>\n","protected":false},"excerpt":{"rendered":"<p>&#8230; macht der M\u00e4rz. Da das Wetter Anfang M\u00e4rz ja so toll war, hab ich mir gedacht, das es vielleicht sinnig w\u00e4re schon Sommerreifen zu bestellen. Der Yeti muss im August zum 2ten Mal zum T\u00dcV, und schon vor 2 Jahren wurde mir beim Pr\u00fcftermin gesagt, das die Sommerreifen grenzwertig seien. Dies Jahr waren also [&hellip;]<\/p>\n","protected":false},"author":1,"featured_media":0,"comment_status":"open","ping_status":"open","sticky":false,"template":"","format":"standard","meta":{"footnotes":""},"categories":[1],"tags":[],"class_list":["post-1860","post","type-post","status-publish","format-standard","hentry","category-allgemein"],"_links":{"self":[{"href":"https:\/\/www.birgit-edler.de\/wp\/wp-json\/wp\/v2\/posts\/1860","targetHints":{"allow":["GET"]}}],"collection":[{"href":"https:\/\/www.birgit-edler.de\/wp\/wp-json\/wp\/v2\/posts"}],"about":[{"href":"https:\/\/www.birgit-edler.de\/wp\/wp-json\/wp\/v2\/types\/post"}],"author":[{"embeddable":true,"href":"https:\/\/www.birgit-edler.de\/wp\/wp-json\/wp\/v2\/users\/1"}],"replies":[{"embeddable":true,"href":"https:\/\/www.birgit-edler.de\/wp\/wp-json\/wp\/v2\/comments?post=1860"}],"version-history":[{"count":5,"href":"https:\/\/www.birgit-edler.de\/wp\/wp-json\/wp\/v2\/posts\/1860\/revisions"}],"predecessor-version":[{"id":1867,"href":"https:\/\/www.birgit-edler.de\/wp\/wp-json\/wp\/v2\/posts\/1860\/revisions\/1867"}],"wp:attachment":[{"href":"https:\/\/www.birgit-edler.de\/wp\/wp-json\/wp\/v2\/media?parent=1860"}],"wp:term":[{"taxonomy":"category","embeddable":true,"href":"https:\/\/www.birgit-edler.de\/wp\/wp-json\/wp\/v2\/categories?post=1860"},{"taxonomy":"post_tag","embeddable":true,"href":"https:\/\/www.birgit-edler.de\/wp\/wp-json\/wp\/v2\/tags?post=1860"}],"curies":[{"name":"wp","href":"https:\/\/api.w.org\/{rel}","templated":true}]}}