{"id":1807,"date":"2013-11-10T20:59:50","date_gmt":"2013-11-10T19:59:50","guid":{"rendered":"http:\/\/www.birgit-edler.de\/wp\/?p=1807"},"modified":"2013-11-10T20:59:50","modified_gmt":"2013-11-10T19:59:50","slug":"nicht-ganz-fit","status":"publish","type":"post","link":"https:\/\/www.birgit-edler.de\/wp\/2013\/11\/nicht-ganz-fit\/","title":{"rendered":"nicht ganz fit"},"content":{"rendered":"<p>Die ganze letzte Woche f\u00fchlte ich mich nicht so ganz fit. Viel Kopfschmerzen, und der Hals sehr kratzig. Das Husten tut auch noch weh. Alles nicht so klasse. K\u00f6nnte auch mal langsam besser werden, doch ich glaube, die Erk\u00e4ltung will unbedingt zur\u00fcckkommen. <\/p>\n<p>Die Woche war wetterm\u00e4\u00dfig und gesundheitlich also nicht so prickelnd. Mittwoch bin ich mit Mutters Punto beim Reifenwechseln gewesen. Nun kann sie auch im Winter etwas fahren. Ich war zwar fr\u00fch daheim an dem Tag, doch da der Kopf so dr\u00f6hnte und sich alles drehte, habe ich drau\u00dfen kaum etwas gemacht.<br \/>\nFreitag bin ich Mittags aus dem B\u00fcro heim. Es ging nicht mehr \ud83d\ude41 Der Kopf war zu, der Magen rebellierte. Von 13 bis 18 Uhr lag ich mit W\u00e4rmflasche und Decke auf dem Sofa. Bin dann auch nur aufgestanden, um die Tiere zu versorgen.<br \/>\nSamstag ging es mir geringf\u00fcgig besser. Morgens kam der Schmied zu Chico, da war aber nicht viel zu machen, so ging das sehr schnell. Danach haben wir noch zu zweit gemistet und die Miste platt getrampelt, so das mehr da rauf passt.  Anschlie\u00dfend habe ich noch schnell die Sommerreifen des Punto sauber gemacht und die Yeti und Punto R\u00e4der wieder im Keller eingelagert. Nach dem Mittag sind Mutter und ich zum Friedhof,  einkaufen und den ganz kleinen Neffen besuchen gefahren. Am Nachmittag habe ich noch Heu vom Dachboden geholt und noch etwas mit den Ponys gekuschelt.<br \/>\nClaudia und ich sind sp\u00e4ter noch ins Kino &#8222;Thor &#8211; The dark Kingdom&#8220; stand auf dem Programm. Ich mag die Marvell Helden, ich mag auch die nordische G\u00f6ttersaga, doch dies Geschwurbel war nicht so meins. Und das 3D bekam meinen Augen und dem Kopf auch nicht gut.<br \/>\nDer Tag heute war somit auch nicht viel besser als die letzten Tage. Am Nachmittag bin ich mit Bj\u00f6rt eine kurze schnelle Runde geritten und anschlie\u00dfend mit den Ponydamen spazieren gegangen. Der kleine Wallach fand es nicht gut, allein im Stall zur\u00fcck zu bleiben. Aber 3 Ponys an der Hand, das trau ich mir dann doch nicht zu. Den restlichen Nachmittag habe ich wieder bis zur F\u00fctterzeit eingekuschelt auf dem Sofa verbracht. <\/p>\n<p>Mal sehen was die neue Woche bringt. <\/p>\n","protected":false},"excerpt":{"rendered":"<p>Die ganze letzte Woche f\u00fchlte ich mich nicht so ganz fit. Viel Kopfschmerzen, und der Hals sehr kratzig. Das Husten tut auch noch weh. Alles nicht so klasse. K\u00f6nnte auch mal langsam besser werden, doch ich glaube, die Erk\u00e4ltung will unbedingt zur\u00fcckkommen. Die Woche war wetterm\u00e4\u00dfig und gesundheitlich also nicht so prickelnd. Mittwoch bin ich [&hellip;]<\/p>\n","protected":false},"author":1,"featured_media":0,"comment_status":"open","ping_status":"open","sticky":false,"template":"","format":"standard","meta":{"footnotes":""},"categories":[3,6],"tags":[],"class_list":["post-1807","post","type-post","status-publish","format-standard","hentry","category-reiten","category-sonstiges"],"_links":{"self":[{"href":"https:\/\/www.birgit-edler.de\/wp\/wp-json\/wp\/v2\/posts\/1807","targetHints":{"allow":["GET"]}}],"collection":[{"href":"https:\/\/www.birgit-edler.de\/wp\/wp-json\/wp\/v2\/posts"}],"about":[{"href":"https:\/\/www.birgit-edler.de\/wp\/wp-json\/wp\/v2\/types\/post"}],"author":[{"embeddable":true,"href":"https:\/\/www.birgit-edler.de\/wp\/wp-json\/wp\/v2\/users\/1"}],"replies":[{"embeddable":true,"href":"https:\/\/www.birgit-edler.de\/wp\/wp-json\/wp\/v2\/comments?post=1807"}],"version-history":[{"count":1,"href":"https:\/\/www.birgit-edler.de\/wp\/wp-json\/wp\/v2\/posts\/1807\/revisions"}],"predecessor-version":[{"id":1808,"href":"https:\/\/www.birgit-edler.de\/wp\/wp-json\/wp\/v2\/posts\/1807\/revisions\/1808"}],"wp:attachment":[{"href":"https:\/\/www.birgit-edler.de\/wp\/wp-json\/wp\/v2\/media?parent=1807"}],"wp:term":[{"taxonomy":"category","embeddable":true,"href":"https:\/\/www.birgit-edler.de\/wp\/wp-json\/wp\/v2\/categories?post=1807"},{"taxonomy":"post_tag","embeddable":true,"href":"https:\/\/www.birgit-edler.de\/wp\/wp-json\/wp\/v2\/tags?post=1807"}],"curies":[{"name":"wp","href":"https:\/\/api.w.org\/{rel}","templated":true}]}}