{"id":1788,"date":"2013-10-03T10:46:00","date_gmt":"2013-10-03T08:46:00","guid":{"rendered":"http:\/\/www.birgit-edler.de\/wp\/?p=1788"},"modified":"2013-10-03T10:46:00","modified_gmt":"2013-10-03T08:46:00","slug":"bisschen-wiese-maehen","status":"publish","type":"post","link":"https:\/\/www.birgit-edler.de\/wp\/2013\/10\/bisschen-wiese-maehen\/","title":{"rendered":"bi\u00dfchen Wiese m\u00e4hen"},"content":{"rendered":"<p><a href=\"https:\/\/picasaweb.google.com\/lh\/photo\/0mgqZ5kWVFJOviysKV34yNMTjNZETYmyPJy0liipFm0?feat=embedwebsite\"><img loading=\"lazy\" decoding=\"async\" src=\"https:\/\/lh5.googleusercontent.com\/-HVgLfTMU7B4\/Uk0scWfaAbI\/AAAAAAAAHus\/fWL65ldmQsk\/s640\/2013-10-02%252017.02.12.jpg\" height=\"360\" width=\"640\"  \/><\/a><br \/>\nMittwochvormittag kam der Anruf der Mutter ins B\u00fcro, dass die Pferde den Weidezaun nicht ganz ernst genommen haben, und auch den der Nachbarn nicht. Pferde eingefangen und wieder auf die heimische Weide gebracht, das hatten der Nachbar und meine Mutter. Ich m\u00fcsse wohl den Zaun flicken, wenn ich heim komme. Na super! Das freut einen doch. So habe ich etwas eher Feierabend gemacht um daheim dann gleich ans Werk zu gehen. Musste etwas Elektroband austauschen und ansonsten war eigentlich alles fein. Auch Bj\u00f6rt und Svandis hatten keine Blessuren davon getragen. Da das Zaun flicken schneller war als erwartet, habe ich noch Maulwurfshaufen auseinander geworfen und dann die Geilstellen und das nicht abgefressene Gras der Teichwiese und der ehem. Obstbaumwiese abgem\u00e4ht. Und da unser Hund Treckerfahren liebt, hatte ich auch Begleitung auf dem Rasenm\u00e4her. Solange der Motor l\u00e4uft, geht Askja da nicht runter.<br \/>\nNun muss ich den Feiertag heute dazu nutzen, den Rasenm\u00e4her wieder sauber zu machen. Der Stall muss sauber gemacht werden, und und und. Zu tun ist reichlich. Vielleicht bleibt ja sogar noch etwas Zeit zum Reiten. <\/p>\n","protected":false},"excerpt":{"rendered":"<p>Mittwochvormittag kam der Anruf der Mutter ins B\u00fcro, dass die Pferde den Weidezaun nicht ganz ernst genommen haben, und auch den der Nachbarn nicht. Pferde eingefangen und wieder auf die heimische Weide gebracht, das hatten der Nachbar und meine Mutter. Ich m\u00fcsse wohl den Zaun flicken, wenn ich heim komme. Na super! Das freut einen [&hellip;]<\/p>\n","protected":false},"author":1,"featured_media":0,"comment_status":"open","ping_status":"open","sticky":false,"template":"","format":"standard","meta":{"footnotes":""},"categories":[3,6],"tags":[],"class_list":["post-1788","post","type-post","status-publish","format-standard","hentry","category-reiten","category-sonstiges"],"_links":{"self":[{"href":"https:\/\/www.birgit-edler.de\/wp\/wp-json\/wp\/v2\/posts\/1788","targetHints":{"allow":["GET"]}}],"collection":[{"href":"https:\/\/www.birgit-edler.de\/wp\/wp-json\/wp\/v2\/posts"}],"about":[{"href":"https:\/\/www.birgit-edler.de\/wp\/wp-json\/wp\/v2\/types\/post"}],"author":[{"embeddable":true,"href":"https:\/\/www.birgit-edler.de\/wp\/wp-json\/wp\/v2\/users\/1"}],"replies":[{"embeddable":true,"href":"https:\/\/www.birgit-edler.de\/wp\/wp-json\/wp\/v2\/comments?post=1788"}],"version-history":[{"count":3,"href":"https:\/\/www.birgit-edler.de\/wp\/wp-json\/wp\/v2\/posts\/1788\/revisions"}],"predecessor-version":[{"id":1791,"href":"https:\/\/www.birgit-edler.de\/wp\/wp-json\/wp\/v2\/posts\/1788\/revisions\/1791"}],"wp:attachment":[{"href":"https:\/\/www.birgit-edler.de\/wp\/wp-json\/wp\/v2\/media?parent=1788"}],"wp:term":[{"taxonomy":"category","embeddable":true,"href":"https:\/\/www.birgit-edler.de\/wp\/wp-json\/wp\/v2\/categories?post=1788"},{"taxonomy":"post_tag","embeddable":true,"href":"https:\/\/www.birgit-edler.de\/wp\/wp-json\/wp\/v2\/tags?post=1788"}],"curies":[{"name":"wp","href":"https:\/\/api.w.org\/{rel}","templated":true}]}}