{"id":1497,"date":"2012-09-15T13:44:19","date_gmt":"2012-09-15T11:44:19","guid":{"rendered":"http:\/\/www.birgit-edler.de\/wp\/?p=1497"},"modified":"2012-09-15T13:44:19","modified_gmt":"2012-09-15T11:44:19","slug":"neue-baustelle","status":"publish","type":"post","link":"https:\/\/www.birgit-edler.de\/wp\/2012\/09\/neue-baustelle\/","title":{"rendered":"neue Baustelle"},"content":{"rendered":"<p>[singlepic id=378 w=320 h=240 float=center]<br \/>\nDie Eltern werden nicht J\u00fcnger &#8211; und darum muss die alte Wanne raus und eine schicke gro\u00dfe Dusche kommt rein.<br \/>\nZudem mag niemand mehr die roten Fliesen, die Oma sich vor zig Jahren mal ausgesucht hat.<br \/>\n[singlepic id=377 w=320 h=240 float=center]<br \/>\nDie netten Fachleute zum Abbau von Wanne, Waschbecken, Toilette und Stillegen der Wasserleitungen waren heute fr\u00fch da. Zudem haben sie die Wasserleitungen im Beton an W\u00e4nden und Fu\u00dfboden gesucht und gefunden. Die Leitungen sollen etwas verlegt und nat\u00fcrlich erneuert werden.  Nun kann ich mich an die Fliesen machen.<br \/>\nAuf geht&#8217;s<\/p>\n","protected":false},"excerpt":{"rendered":"<p>[singlepic id=378 w=320 h=240 float=center] Die Eltern werden nicht J\u00fcnger &#8211; und darum muss die alte Wanne raus und eine schicke gro\u00dfe Dusche kommt rein. Zudem mag niemand mehr die roten Fliesen, die Oma sich vor zig Jahren mal ausgesucht hat. [singlepic id=377 w=320 h=240 float=center] Die netten Fachleute zum Abbau von Wanne, Waschbecken, Toilette [&hellip;]<\/p>\n","protected":false},"author":1,"featured_media":0,"comment_status":"open","ping_status":"open","sticky":false,"template":"","format":"standard","meta":{"footnotes":""},"categories":[6],"tags":[],"class_list":["post-1497","post","type-post","status-publish","format-standard","hentry","category-sonstiges"],"_links":{"self":[{"href":"https:\/\/www.birgit-edler.de\/wp\/wp-json\/wp\/v2\/posts\/1497","targetHints":{"allow":["GET"]}}],"collection":[{"href":"https:\/\/www.birgit-edler.de\/wp\/wp-json\/wp\/v2\/posts"}],"about":[{"href":"https:\/\/www.birgit-edler.de\/wp\/wp-json\/wp\/v2\/types\/post"}],"author":[{"embeddable":true,"href":"https:\/\/www.birgit-edler.de\/wp\/wp-json\/wp\/v2\/users\/1"}],"replies":[{"embeddable":true,"href":"https:\/\/www.birgit-edler.de\/wp\/wp-json\/wp\/v2\/comments?post=1497"}],"version-history":[{"count":3,"href":"https:\/\/www.birgit-edler.de\/wp\/wp-json\/wp\/v2\/posts\/1497\/revisions"}],"predecessor-version":[{"id":1500,"href":"https:\/\/www.birgit-edler.de\/wp\/wp-json\/wp\/v2\/posts\/1497\/revisions\/1500"}],"wp:attachment":[{"href":"https:\/\/www.birgit-edler.de\/wp\/wp-json\/wp\/v2\/media?parent=1497"}],"wp:term":[{"taxonomy":"category","embeddable":true,"href":"https:\/\/www.birgit-edler.de\/wp\/wp-json\/wp\/v2\/categories?post=1497"},{"taxonomy":"post_tag","embeddable":true,"href":"https:\/\/www.birgit-edler.de\/wp\/wp-json\/wp\/v2\/tags?post=1497"}],"curies":[{"name":"wp","href":"https:\/\/api.w.org\/{rel}","templated":true}]}}